{"id":1691,"date":"2016-01-04T17:54:04","date_gmt":"2016-01-04T17:54:04","guid":{"rendered":"http:\/\/fcnettetal.com\/?p=1691"},"modified":"2017-06-11T16:33:33","modified_gmt":"2017-06-11T16:33:33","slug":"nettetaler-stadtmeisterschaft-2016","status":"publish","type":"post","link":"https:\/\/fcnettetal.com\/?p=1691","title":{"rendered":"Nettetaler Stadtmeisterschaft 2016"},"content":{"rendered":"<div class=\"_209g _2vxa\" data-offset-key=\"cmk6g-0-0\" data-block=\"true\">\n<p>Am Sonntag, den 03.01.15 hatte der Futsal Club Nettetal e.V. unter Leitung des verantwortlichen Trainers Daniel Maul das 1. Mal die Ehre bei der Nettetaler Stadtmeisterschaft teilzunehmen.<\/p>\n<p>Mit dabei als Torwart unser Jugendtrainer und Schiedsrichter des Kreises 6, Wolfgang Schlegel, welcher noch am 20. Dezember f\u00fcr seine 10j\u00e4hrige Schiedsrichtert\u00e4tigkeit geehrt worden ist.<br \/>\n<a href=\"http:\/\/www.rp-online.de\/nrw\/staedte\/krefeld\/sport\/fussball-kreis-6-ehrt-die-langjaehrigen-schiedsrichter-aid-1.5656059\" target=\"_blank\" rel=\"noopener\">&lt;&lt; Der Der Fussballkreis 6 ehrt seine langj\u00e4hrigen Schiedsrichter &gt;&gt;<\/a><\/p>\n<\/div>\n<div class=\"_209g _2vxa\" data-offset-key=\"mtk2-0-0\" data-block=\"true\">\u00a0Unsere Jungs haben gek\u00e4mpft, es wurde ein Sieg mit 2:1 gegen Concordia L\u00f6tsch erzielt, aber es wurde Lehrgeld bezahlt, das Herz der Zuschauer hatten wir gewonnen.<\/div>\n<div class=\"_209g _2vxa\" data-offset-key=\"9rilk-0-0\" data-block=\"true\"><\/div>\n<div class=\"_209g _2vxa\" data-offset-key=\"5en8g-0-0\" data-block=\"true\">Der TSV Kaldenkirchen wurde nach Neunmeterschiessen Stadtmeister, dahinter belegte Union Nettetal den 2. Platz und der SUS Schaag belegte den 3. Platz.<\/div>\n<div class=\"_209g _2vxa\" data-offset-key=\"if9j-0-0\" data-block=\"true\"><\/div>\n<div class=\"_209g _2vxa\" data-offset-key=\"5a9fi-0-0\" data-block=\"true\">\n<p>Anschlie\u00dfend wurde die Mannschaft von Deniz Metin, Trainer von TIV Nettetal, auf ein vom TIV Nettetal organisiertes Turnier im Februar eingeladen, welche der Futsal Club Nettetal e.V gerne annimmt.<\/p>\n<p><strong><a href=\"http:\/\/www.rp-online.de\/nrw\/staedte\/viersen\/sport\/kaldenkirchen-besiegt-union-im-neunmeterkrimi-aid-1.5666814\" target=\"_blank\" rel=\"noopener\">&lt;&lt;&lt; Der Artikel: RP-Online &gt;&gt;&gt;<\/a><\/strong><\/p>\n<\/div>\n<p><strong>Hier Bilder des Teams:<\/strong><\/p>\n<div class=\"_209g _2vxa\" data-offset-key=\"5a9fi-0-0\" data-block=\"true\">\u00a0 [flagallery gid=24]<\/p>\n<hr \/>\n<p><img loading=\"lazy\" decoding=\"async\" class=\"wp-image-1011 alignleft\" src=\"https:\/\/fcnettetal.com\/wp-content\/uploads\/2015\/02\/cropped-Futsal-Club-Nettetal-600x600.jpg\" alt=\"\" width=\"337\" height=\"337\" srcset=\"https:\/\/fcnettetal.com\/wp-content\/uploads\/2015\/02\/cropped-Futsal-Club-Nettetal-600x600.jpg 600w, https:\/\/fcnettetal.com\/wp-content\/uploads\/2015\/02\/cropped-Futsal-Club-Nettetal-300x300.jpg 300w, https:\/\/fcnettetal.com\/wp-content\/uploads\/2015\/02\/cropped-Futsal-Club-Nettetal-1022x1024.jpg 1022w, https:\/\/fcnettetal.com\/wp-content\/uploads\/2015\/02\/cropped-Futsal-Club-Nettetal.jpg 1260w\" sizes=\"auto, (max-width: 337px) 100vw, 337px\" \/><\/div>\n<div class=\"_209g _2vxa\" data-offset-key=\"5a9fi-0-0\" data-block=\"true\"><\/div>\n<div class=\"_209g _2vxa\" data-offset-key=\"5a9fi-0-0\" data-block=\"true\"><\/div>\n<div class=\"_209g _2vxa\" data-offset-key=\"5a9fi-0-0\" data-block=\"true\"><\/div>\n<div class=\"_209g _2vxa\" data-offset-key=\"5a9fi-0-0\" data-block=\"true\"><\/div>\n","protected":false},"excerpt":{"rendered":"<p>Am Sonntag, den 03.01.15 hatte der Futsal Club Nettetal e.V. unter Leitung des verantwortlichen Trainers Daniel Maul das 1. Mal die Ehre bei der Nettetaler Stadtmeisterschaft teilzunehmen. Mit dabei als Torwart unser Jugendtrainer und Schiedsrichter des Kreises 6, Wolfgang Schlegel, welcher noch am 20. Dezember f\u00fcr seine 10j\u00e4hrige Schiedsrichtert\u00e4tigkeit geehrt worden ist. &lt;&lt; Der Der &hellip; <a href=\"https:\/\/fcnettetal.com\/?p=1691\" class=\"more-link\"><span class=\"screen-reader-text\">Nettetaler Stadtmeisterschaft 2016<\/span> weiterlesen <span class=\"meta-nav\">&rarr;<\/span><\/a><\/p>\n","protected":false},"author":2,"featured_media":1701,"comment_status":"closed","ping_status":"closed","sticky":false,"template":"","format":"standard","meta":{"footnotes":""},"categories":[7],"tags":[],"class_list":["post-1691","post","type-post","status-publish","format-standard","has-post-thumbnail","hentry","category-sport-more"],"_links":{"self":[{"href":"https:\/\/fcnettetal.com\/index.php?rest_route=\/wp\/v2\/posts\/1691","targetHints":{"allow":["GET"]}}],"collection":[{"href":"https:\/\/fcnettetal.com\/index.php?rest_route=\/wp\/v2\/posts"}],"about":[{"href":"https:\/\/fcnettetal.com\/index.php?rest_route=\/wp\/v2\/types\/post"}],"author":[{"embeddable":true,"href":"https:\/\/fcnettetal.com\/index.php?rest_route=\/wp\/v2\/users\/2"}],"replies":[{"embeddable":true,"href":"https:\/\/fcnettetal.com\/index.php?rest_route=%2Fwp%2Fv2%2Fcomments&post=1691"}],"version-history":[{"count":0,"href":"https:\/\/fcnettetal.com\/index.php?rest_route=\/wp\/v2\/posts\/1691\/revisions"}],"wp:featuredmedia":[{"embeddable":true,"href":"https:\/\/fcnettetal.com\/index.php?rest_route=\/wp\/v2\/media\/1701"}],"wp:attachment":[{"href":"https:\/\/fcnettetal.com\/index.php?rest_route=%2Fwp%2Fv2%2Fmedia&parent=1691"}],"wp:term":[{"taxonomy":"category","embeddable":true,"href":"https:\/\/fcnettetal.com\/index.php?rest_route=%2Fwp%2Fv2%2Fcategories&post=1691"},{"taxonomy":"post_tag","embeddable":true,"href":"https:\/\/fcnettetal.com\/index.php?rest_route=%2Fwp%2Fv2%2Ftags&post=1691"}],"curies":[{"name":"wp","href":"https:\/\/api.w.org\/{rel}","templated":true}]}}