{"id":1840,"date":"2016-09-24T13:41:45","date_gmt":"2016-09-24T13:41:45","guid":{"rendered":"http:\/\/fcnettetal.com\/?p=1840"},"modified":"2017-06-11T16:27:53","modified_gmt":"2017-06-11T16:27:53","slug":"neuer-geschaeftsfuehrender-vorstand-dagmar-visser","status":"publish","type":"post","link":"https:\/\/fcnettetal.com\/?p=1840","title":{"rendered":"Neuer gesch\u00e4ftsf\u00fchrender Vorstand &#8211; Dagmar Visser"},"content":{"rendered":"<p>Am\u00a0 Samstag, den 24.09.16 fand unsere diesj\u00e4hrige Mitgliederversammlung statt.<\/p>\n<p>Nachdem der 1. Vorsitzende Thomas Vernholz den Lagebericht und R\u00fcckblick des Jahres erl\u00e4uterte, sowie der Kassenbericht vorgestellt worden ist, wurde der gesch\u00e4ftsf\u00fchrende Vorstand einstimmig entlastet.<\/p>\n<p>Anschliessend stand die Wahl eines neues Kassenwarts an der Tagesordnung.<\/p>\n<p>Sie wurde einstimmig gew\u00e4hlt.<\/p>\n<p>&#8222;Herzlichen Gl\u00fcckwunsch Frau Visser&#8220;<\/p>\n<p>Damit erh\u00f6hte sich die Frauenquote beim Futsal Club Nettetal auf 50 %. im Vorstand.<\/p>\n<p>Somit setzen sich die Vorstandsposten wie folgt zusammen:<\/p>\n<hr \/>\n<p><strong>Gesch\u00e4ftsf\u00fchrender Vorstand:<\/strong><\/p>\n<p>Vorstandsvorsitzender:\u00a0\u00a0\u00a0\u00a0 Thomas Vernholz<br \/>\nKassenwartin:\u00a0\u00a0\u00a0\u00a0\u00a0\u00a0\u00a0\u00a0\u00a0\u00a0\u00a0\u00a0\u00a0\u00a0\u00a0\u00a0\u00a0\u00a0\u00a0\u00a0\u00a0\u00a0\u00a0\u00a0\u00a0 Dagmar Visser<\/p>\n<hr \/>\n<p>Die weiteren Vorstandsmitglieder<\/p>\n<p>Schriftf\u00fchrer\u00a0\u00a0\u00a0\u00a0\u00a0\u00a0\u00a0\u00a0\u00a0\u00a0\u00a0\u00a0\u00a0\u00a0\u00a0\u00a0\u00a0\u00a0\u00a0\u00a0\u00a0\u00a0\u00a0\u00a0\u00a0\u00a0\u00a0\u00a0\u00a0\u00a0\u00a0\u00a0\u00a0\u00a0\u00a0\u00a0\u00a0\u00a0\u00a0\u00a0\u00a0\u00a0\u00a0\u00a0 Wolfgang Schlegel<br \/>\n1. Jugendvorsitzende\u00a0\u00a0\u00a0\u00a0\u00a0\u00a0\u00a0\u00a0\u00a0\u00a0\u00a0\u00a0\u00a0\u00a0\u00a0\u00a0\u00a0\u00a0\u00a0\u00a0\u00a0\u00a0\u00a0\u00a0\u00a0\u00a0 Ilona Vernholz<br \/>\n2. Jugendvorsitzender\u00a0\u00a0\u00a0\u00a0\u00a0\u00a0\u00a0\u00a0\u00a0 \u00a0 \u00a0 \u00a0 \u00a0 \u00a0 \u00a0 \u00a0\u00a0 Tobias Maul<br \/>\nDamen und Frauenbeauftragte: \u00a0 \u00a0 Daniela Gr\u00f6schel<\/p>\n<hr \/>\n<p>Somit liegt die verantwortungsvolle Arbeit auch weiterhin in guten H\u00e4nden.<\/p>\n<p>Euer Futsal Club Nettetal<\/p>\n<hr \/>\n<p><img loading=\"lazy\" decoding=\"async\" class=\"wp-image-1011 alignleft\" src=\"https:\/\/fcnettetal.com\/wp-content\/uploads\/2015\/02\/cropped-Futsal-Club-Nettetal-600x600.jpg\" alt=\"\" width=\"337\" height=\"337\" srcset=\"https:\/\/fcnettetal.com\/wp-content\/uploads\/2015\/02\/cropped-Futsal-Club-Nettetal-600x600.jpg 600w, https:\/\/fcnettetal.com\/wp-content\/uploads\/2015\/02\/cropped-Futsal-Club-Nettetal-300x300.jpg 300w, https:\/\/fcnettetal.com\/wp-content\/uploads\/2015\/02\/cropped-Futsal-Club-Nettetal-1022x1024.jpg 1022w, https:\/\/fcnettetal.com\/wp-content\/uploads\/2015\/02\/cropped-Futsal-Club-Nettetal.jpg 1260w\" sizes=\"auto, (max-width: 337px) 100vw, 337px\" \/><\/p>\n","protected":false},"excerpt":{"rendered":"<p>Am\u00a0 Samstag, den 24.09.16 fand unsere diesj\u00e4hrige Mitgliederversammlung statt. Nachdem der 1. Vorsitzende Thomas Vernholz den Lagebericht und R\u00fcckblick des Jahres erl\u00e4uterte, sowie der Kassenbericht vorgestellt worden ist, wurde der gesch\u00e4ftsf\u00fchrende Vorstand einstimmig entlastet. Anschliessend stand die Wahl eines neues Kassenwarts an der Tagesordnung. Sie wurde einstimmig gew\u00e4hlt. &#8222;Herzlichen Gl\u00fcckwunsch Frau Visser&#8220; Damit erh\u00f6hte sich &hellip; <a href=\"https:\/\/fcnettetal.com\/?p=1840\" class=\"more-link\"><span class=\"screen-reader-text\">Neuer gesch\u00e4ftsf\u00fchrender Vorstand &#8211; Dagmar Visser<\/span> weiterlesen <span class=\"meta-nav\">&rarr;<\/span><\/a><\/p>\n","protected":false},"author":2,"featured_media":1546,"comment_status":"closed","ping_status":"closed","sticky":false,"template":"","format":"standard","meta":{"footnotes":""},"categories":[7],"tags":[],"class_list":["post-1840","post","type-post","status-publish","format-standard","has-post-thumbnail","hentry","category-sport-more"],"_links":{"self":[{"href":"https:\/\/fcnettetal.com\/index.php?rest_route=\/wp\/v2\/posts\/1840","targetHints":{"allow":["GET"]}}],"collection":[{"href":"https:\/\/fcnettetal.com\/index.php?rest_route=\/wp\/v2\/posts"}],"about":[{"href":"https:\/\/fcnettetal.com\/index.php?rest_route=\/wp\/v2\/types\/post"}],"author":[{"embeddable":true,"href":"https:\/\/fcnettetal.com\/index.php?rest_route=\/wp\/v2\/users\/2"}],"replies":[{"embeddable":true,"href":"https:\/\/fcnettetal.com\/index.php?rest_route=%2Fwp%2Fv2%2Fcomments&post=1840"}],"version-history":[{"count":0,"href":"https:\/\/fcnettetal.com\/index.php?rest_route=\/wp\/v2\/posts\/1840\/revisions"}],"wp:featuredmedia":[{"embeddable":true,"href":"https:\/\/fcnettetal.com\/index.php?rest_route=\/wp\/v2\/media\/1546"}],"wp:attachment":[{"href":"https:\/\/fcnettetal.com\/index.php?rest_route=%2Fwp%2Fv2%2Fmedia&parent=1840"}],"wp:term":[{"taxonomy":"category","embeddable":true,"href":"https:\/\/fcnettetal.com\/index.php?rest_route=%2Fwp%2Fv2%2Fcategories&post=1840"},{"taxonomy":"post_tag","embeddable":true,"href":"https:\/\/fcnettetal.com\/index.php?rest_route=%2Fwp%2Fv2%2Ftags&post=1840"}],"curies":[{"name":"wp","href":"https:\/\/api.w.org\/{rel}","templated":true}]}}